{"id":1201,"date":"2011-01-22T16:03:24","date_gmt":"2011-01-22T16:03:24","guid":{"rendered":"http:\/\/fcgueugnon.fr\/amicalefcg\/?p=1201"},"modified":"2021-02-10T00:27:00","modified_gmt":"2021-02-09T22:27:00","slug":"saison-1995-1996-championnat-de-france-d1","status":"publish","type":"post","link":"https:\/\/fcgueugnon.fr\/amicalefcg\/saison-1995-1996-championnat-de-france-d1\/1201","title":{"rendered":"Saison 1995-1996 : Championnat de France D1"},"content":{"rendered":"<p style=\"text-align: justify;\"><span style=\"font-size: 14px;\"><span style=\"font-family: arial,helvetica,sans-serif;\">18<sup>\u00e8me<\/sup> sur 20 \u00a0&#8211; \u00a08 victoires\u00a0&#8211; 14 nuls\u00a0&#8211; 16 d\u00e9faites. \u00a0&#8211; \u00a0<\/span><\/span><span style=\"font-family: arial, helvetica, sans-serif; font-size: 14px;\">Meilleur buteur\u00a0: Amara TRAOR\u00c9 : 7 buts<br \/>\nAffluence moyenne\u00a0: 6746 spectateurs.<\/span><\/p>\n<p style=\"text-align: justify;\">\n<p style=\"text-align: justify;\"><span style=\"font-size: 14px;\"><span style=\"font-family: arial,helvetica,sans-serif;\">Depuis <strong>25 ans, la DII <\/strong>\u00e9tait le terrain de jeu du FC GUEUGNON qui en ma\u00eetrisait tous les rouages. Il va d\u00e9couvrir un nouveau continent avec <strong>la Division I<\/strong>, \u00e0 partir d\u2019une \u00e9quipe b\u00e2tie avec le plus petit budget\u00a0: 29 millions de francs, loin des 210 du PSG. Dans ces conditions, pas de noms ronflants \u00e0 l\u2019heure de la reprise, avec les arriv\u00e9es de C.GARCIA, POUNEWATCHI, AJAS, les pr\u00eats de CIECHELSKI et BRUNEL auxquels viendront s\u2019ajouter par la suite le roumain DICAN et le tunisien LASHAF, mais sans FALZON, ni Pierre CHAVRONDIER, deux \u00e9l\u00e9ments importants dans l\u2019\u00e9quipe de la mont\u00e9e.\u00a0<\/span><\/span><\/p>\n<p style=\"text-align: justify;\"><span style=\"font-size: 14px;\"><span style=\"font-family: arial,helvetica,sans-serif;\">La p\u00e9riode d\u2019apprentissage va s\u2019av\u00e9rer longue, bien trop longue\u00a0; Le nul (0-0) contre Metz lors de la 1<sup>\u00e8re<\/sup> journ\u00e9e laisse pr\u00e9sager certaines difficult\u00e9s pour la suite. Hormis une s\u00e9v\u00e8re fess\u00e9e \u00e0 Auxerre (0-4), les gueugnonnais ne sont pourtant jamais largu\u00e9s au score, mais ils ne parviennent pas \u00e0 s\u2019imposer sur leur terrain. Il faut attendre la 9<sup>\u00e8me<\/sup> journ\u00e9e pour enregistrer la premi\u00e8re victoire \u00e0 domicile contre Lille (3-1), la seule \u00e0 Jean Laville lors des matchs aller, pour 4 nuls et 5 d\u00e9faites. Au tournant du championnat, l\u2019\u00e9quipe de Roland GRANSARD pointe \u00e0 la 19<sup>\u00e8me<\/sup> place, mais n\u2019est pas d\u00e9croch\u00e9e pour autant.<\/span><\/span><\/p>\n<p style=\"text-align: justify;\"><span style=\"font-size: 14px;\"><span style=\"font-family: arial,helvetica,sans-serif;\">L\u2019entra\u00eeneur va alors faire confiance \u00e0 une majorit\u00e9 de jeunes issus du centre de formation, lan\u00e7ant notamment dans le grand bain ESCETH N\u2019ZI et CHANDIOUX. Et avec le renfort tardif de l\u2019ex-messin EYRAUD, le FCG va r\u00e9aliser une deuxi\u00e8me partie de championnat nettement plus prolifique, r\u00e9coltant notamment 11 points lors des cinq derni\u00e8res rencontres. Malgr\u00e9 une ultime victoire sur le terrain de METZ (2-1), GUEUGNON 11<sup>\u00e8me<\/sup> sur les matchs retour, finit \u00e0 la 18<sup>\u00e8me<\/sup> place, \u00a0premier rel\u00e9gable, \u00e0 1 point seulement de Lille qui sauve sa t\u00eate sur le dernier match au PSG ! \u00e0 la surprise g\u00e9n\u00e9rale &#8230;<\/span><\/span><\/p>\n<p style=\"text-align: justify;\"><span style=\"font-size: 14px;\"><span style=\"font-family: arial,helvetica,sans-serif;\">Le club forgeron va s\u2019accrocher quelques jours \u00e0 l\u2019espoir d\u2019un rep\u00eachage au d\u00e9triment de l\u2019OGC NICE pr\u00e9venu d\u2019une r\u00e9trogradation administrative depuis le mois d\u2019avril. Le miracle n\u2019aura pas lieu. En deux mois, et \u00e0 la surprise g\u00e9n\u00e9rale, le club azur\u00e9en est parvenu \u00e0 r\u00e9tablir de fa\u00e7on spectaculaire ses finances, et se voit autoriser par le conseil f\u00e9d\u00e9ral \u00e0 poursuivre sa route en D1. <\/span><\/span><\/p>\n<p style=\"text-align: justify;\"><span style=\"font-size: 14px;\"><span style=\"font-family: arial,helvetica,sans-serif;\">? Les 18 ans coach\u00e9s par Alain DESSOLY atteignent les \u00bc finale de la Coupe Gambardella. Ils s\u2019inclinent aux tirs aux buts (2-3) sur le terrain du stade Rennais, apr\u00e8s un nul 0-0.<\/span><\/span><\/p>\n<p style=\"text-align: justify;\"><span style=\"font-family: arial, helvetica, sans-serif; font-size: 14px;\">? La municipalit\u00e9 de Roland COTTIN a jou\u00e9 un r\u00f4le important durant cet \u00e9t\u00e9 pour mettre le stade aux normes de la D1, dans des d\u00e9lais tr\u00e8s r\u00e9duits. Une nouvelle tribune non couverte, de 5342 places, dite \u00ab\u00a0tribune Est\u00a0\u00bb, sortie de terre pendant cette p\u00e9riode, est ouverte au public \u00a0le 19 ao\u00fbt lors de la venue du PSG.<\/span><\/p>\n<p style=\"text-align: center;\"><span style=\"color: #00f;\"><span style=\"font-size: 14px;\"><span style=\"font-family: arial,helvetica,sans-serif;\"><strong>Effectif<\/strong><\/span><\/span><\/span><\/p>\n<p class=\"MsoNormal\">\n<p><a href=\"http:\/\/fcgueugnon.fr\/amicalefcg\/wp-content\/uploads\/1995-96-EFFECTIF-D1.jpg\"><img loading=\"lazy\" decoding=\"async\" class=\"aligncenter size-full wp-image-1233\" title=\"Effectif saison 1995-96 en D1\" src=\"http:\/\/fcgueugnon.fr\/amicalefcg\/wp-content\/uploads\/1995-96-EFFECTIF-D1.jpg\" alt=\"\" width=\"611\" height=\"393\" srcset=\"https:\/\/fcgueugnon.fr\/amicalefcg\/wp-content\/uploads\/1995-96-EFFECTIF-D1.jpg 611w, https:\/\/fcgueugnon.fr\/amicalefcg\/wp-content\/uploads\/1995-96-EFFECTIF-D1-300x192.jpg 300w\" sizes=\"auto, (max-width: 611px) 100vw, 611px\" \/><\/a><\/p>\n<p><a href=\"http:\/\/fcgueugnon.fr\/amicalefcg\/wp-content\/uploads\/95-96-effectif-fcg.jpg\"><img loading=\"lazy\" decoding=\"async\" class=\"aligncenter size-full wp-image-1236\" title=\"Effectif saison 1995-96 en D1\" src=\"http:\/\/fcgueugnon.fr\/amicalefcg\/wp-content\/uploads\/95-96-effectif-fcg.jpg\" alt=\"\" width=\"604\" height=\"409\" srcset=\"https:\/\/fcgueugnon.fr\/amicalefcg\/wp-content\/uploads\/95-96-effectif-fcg.jpg 604w, https:\/\/fcgueugnon.fr\/amicalefcg\/wp-content\/uploads\/95-96-effectif-fcg-300x203.jpg 300w\" sizes=\"auto, (max-width: 604px) 100vw, 604px\" \/><\/a><\/p>\n<p style=\"text-align: center;\"><span style=\"color: #0000ff;\"><strong><span style=\"font-size: 14px;\"><span style=\"font-family: arial, helvetica, sans-serif;\">R\u00e9sultats de la saison \u2013 Championnat de Division 1<\/span><\/span><\/strong><\/span><\/p>\n<p style=\"text-align: center;\"><span style=\"background-color: #ffff00;\"><img loading=\"lazy\" decoding=\"async\" class=\"aligncenter wp-image-2900 size-full\" src=\"http:\/\/fcgueugnon.fr\/amicalefcg\/wp-content\/uploads\/Saisons-1995-96a.jpg\" alt=\"\" width=\"513\" height=\"474\" srcset=\"https:\/\/fcgueugnon.fr\/amicalefcg\/wp-content\/uploads\/Saisons-1995-96a.jpg 513w, https:\/\/fcgueugnon.fr\/amicalefcg\/wp-content\/uploads\/Saisons-1995-96a-300x277.jpg 300w\" sizes=\"auto, (max-width: 513px) 100vw, 513px\" \/><br \/>\n<\/span><\/p>\n<p style=\"text-align: center;\"><a href=\"http:\/\/fcgueugnon.fr\/amicalefcg\/wp-content\/uploads\/saison-95_96-class.jpg\"><img loading=\"lazy\" decoding=\"async\" class=\"aligncenter size-full wp-image-1800\" title=\"saison 95_96 class\" src=\"http:\/\/fcgueugnon.fr\/amicalefcg\/wp-content\/uploads\/saison-95_96-class.jpg\" alt=\"\" width=\"400\" height=\"366\" srcset=\"https:\/\/fcgueugnon.fr\/amicalefcg\/wp-content\/uploads\/saison-95_96-class.jpg 400w, https:\/\/fcgueugnon.fr\/amicalefcg\/wp-content\/uploads\/saison-95_96-class-300x274.jpg 300w\" sizes=\"auto, (max-width: 400px) 100vw, 400px\" \/><\/a><\/p>\n<p style=\"text-align: center;\"><strong style=\"font-size: 16px;\"><span style=\"color: #0000cd;\">Parcours en Coupe de France<\/span><\/strong><\/p>\n<table style=\"width: 600px;\" border=\"1\" cellspacing=\"1\" cellpadding=\"1\">\n<tbody>\n<tr>\n<td style=\"text-align: center;\"><strong><span style=\"font-size: 14px;\"><span style=\"font-family: arial, helvetica, sans-serif;\">Date<\/span><\/span><\/strong><\/td>\n<td style=\"text-align: center;\"><strong><span style=\"font-size: 14px;\"><span style=\"font-family: arial, helvetica, sans-serif;\">Lieu<\/span><\/span><\/strong><\/td>\n<td style=\"text-align: center;\"><strong><span style=\"font-size: 14px;\"><span style=\"font-family: arial, helvetica, sans-serif;\">Tour<\/span><\/span><\/strong><\/td>\n<td style=\"text-align: center;\"><strong><span style=\"font-size: 14px;\"><span style=\"font-family: arial, helvetica, sans-serif;\">Matchs<\/span><\/span><\/strong><\/td>\n<td style=\"text-align: center;\"><strong><span style=\"font-size: 14px;\"><span style=\"font-family: arial, helvetica, sans-serif;\">R\u00e9sultats<\/span><\/span><\/strong><\/td>\n<\/tr>\n<tr>\n<td style=\"text-align: center;\"><span style=\"font-family: arial, helvetica, sans-serif; font-size: 14px;\">13\/01\/1996<\/span><\/td>\n<td style=\"text-align: center;\"><span style=\"font-family: arial, helvetica, sans-serif; font-size: 14px;\">Gueugnon<\/span><\/td>\n<td style=\"text-align: center;\"><span style=\"font-family: arial, helvetica, sans-serif;\"><span style=\"font-size: 14px;\">1\/32<\/span><\/span><\/td>\n<td style=\"text-align: center;\"><span style=\"font-size: 14px;\"><span style=\"font-family: arial, helvetica, sans-serif;\">\u00a0<\/span><\/span><span style=\"font-family: arial, helvetica, sans-serif; font-size: 14px;\">\u00a0FCG (D1) \u00a0&#8211;<\/span><span style=\"font-family: arial, helvetica, sans-serif; font-size: 14px;\">\u00a0ASOA Valence (D2)<\/span><\/td>\n<td style=\"text-align: center;\"><span style=\"font-family: arial, helvetica, sans-serif; font-size: 14px;\">1-2<\/span><span style=\"font-family: arial, helvetica, sans-serif; font-size: 14px;\">\u00a0<\/span><\/td>\n<\/tr>\n<\/tbody>\n<\/table>\n","protected":false},"excerpt":{"rendered":"<p>18\u00e8me sur 20 \u00a0&#8211; \u00a08 victoires\u00a0&#8211; 14 nuls\u00a0&#8211; 16 d\u00e9faites. \u00a0&#8211; \u00a0Meilleur buteur\u00a0: Amara TRAOR\u00c9 : 7 buts Affluence moyenne\u00a0: 6746 spectateurs. Depuis 25 ans, la DII \u00e9tait le terrain de jeu du FC GUEUGNON qui en ma\u00eetrisait tous les rouages. Il va d\u00e9couvrir un nouveau continent avec la Division I, \u00e0 partir d\u2019une \u00e9quipe [&hellip;]<\/p>\n","protected":false},"author":2,"featured_media":0,"comment_status":"closed","ping_status":"closed","sticky":false,"template":"","format":"standard","meta":{"footnotes":""},"categories":[5],"tags":[],"class_list":["post-1201","post","type-post","status-publish","format-standard","hentry","category-saison"],"yoast_head":"<!-- This site is optimized with the Yoast SEO plugin v25.5 - https:\/\/yoast.com\/wordpress\/plugins\/seo\/ -->\n<title>Saison 1995-1996 : Championnat de France D1 | \u2022 GLORIEUX FCG \u2022<\/title>\n<meta name=\"robots\" content=\"index, follow, max-snippet:-1, max-image-preview:large, max-video-preview:-1\" \/>\n<link rel=\"canonical\" href=\"https:\/\/fcgueugnon.fr\/amicalefcg\/saison-1995-1996-championnat-de-france-d1\/1201\" \/>\n<meta property=\"og:locale\" content=\"fr_FR\" \/>\n<meta property=\"og:type\" content=\"article\" \/>\n<meta property=\"og:title\" content=\"Saison 1995-1996 : Championnat de France D1 | \u2022 GLORIEUX FCG \u2022\" \/>\n<meta property=\"og:description\" content=\"18\u00e8me sur 20 \u00a0&#8211; \u00a08 victoires\u00a0&#8211; 14 nuls\u00a0&#8211; 16 d\u00e9faites. \u00a0&#8211; \u00a0Meilleur buteur\u00a0: Amara TRAOR\u00c9 : 7 buts Affluence moyenne\u00a0: 6746 spectateurs. Depuis 25 ans, la DII \u00e9tait le terrain de jeu du FC GUEUGNON qui en ma\u00eetrisait tous les rouages. Il va d\u00e9couvrir un nouveau continent avec la Division I, \u00e0 partir d\u2019une \u00e9quipe [&hellip;]\" \/>\n<meta property=\"og:url\" content=\"https:\/\/fcgueugnon.fr\/amicalefcg\/saison-1995-1996-championnat-de-france-d1\/1201\" \/>\n<meta property=\"og:site_name\" content=\"\u2022 GLORIEUX FCG \u2022\" \/>\n<meta property=\"article:publisher\" content=\"https:\/\/www.facebook.com\/GlorieuxFCG\/\" \/>\n<meta property=\"article:published_time\" content=\"2011-01-22T16:03:24+00:00\" \/>\n<meta property=\"article:modified_time\" content=\"2021-02-09T22:27:00+00:00\" \/>\n<meta property=\"og:image\" content=\"http:\/\/fcgueugnon.fr\/amicalefcg\/wp-content\/uploads\/1995-96-EFFECTIF-D1.jpg\" \/>\n<meta name=\"author\" content=\"michoudry\" \/>\n<meta name=\"twitter:card\" content=\"summary_large_image\" \/>\n<meta name=\"twitter:label1\" content=\"\u00c9crit par\" \/>\n\t<meta name=\"twitter:data1\" content=\"michoudry\" \/>\n\t<meta name=\"twitter:label2\" content=\"Dur\u00e9e de lecture estim\u00e9e\" \/>\n\t<meta name=\"twitter:data2\" content=\"4 minutes\" \/>\n<script type=\"application\/ld+json\" class=\"yoast-schema-graph\">{\"@context\":\"https:\/\/schema.org\",\"@graph\":[{\"@type\":\"Article\",\"@id\":\"https:\/\/fcgueugnon.fr\/amicalefcg\/saison-1995-1996-championnat-de-france-d1\/1201#article\",\"isPartOf\":{\"@id\":\"https:\/\/fcgueugnon.fr\/amicalefcg\/saison-1995-1996-championnat-de-france-d1\/1201\"},\"author\":{\"name\":\"michoudry\",\"@id\":\"http:\/\/fcgueugnon.fr\/amicalefcg\/#\/schema\/person\/5ab98b5917faea7e7c82466b19b46133\"},\"headline\":\"Saison 1995-1996 : Championnat de France D1\",\"datePublished\":\"2011-01-22T16:03:24+00:00\",\"dateModified\":\"2021-02-09T22:27:00+00:00\",\"mainEntityOfPage\":{\"@id\":\"https:\/\/fcgueugnon.fr\/amicalefcg\/saison-1995-1996-championnat-de-france-d1\/1201\"},\"wordCount\":548,\"publisher\":{\"@id\":\"http:\/\/fcgueugnon.fr\/amicalefcg\/#organization\"},\"image\":{\"@id\":\"https:\/\/fcgueugnon.fr\/amicalefcg\/saison-1995-1996-championnat-de-france-d1\/1201#primaryimage\"},\"thumbnailUrl\":\"http:\/\/fcgueugnon.fr\/amicalefcg\/wp-content\/uploads\/1995-96-EFFECTIF-D1.jpg\",\"articleSection\":[\"Saison\"],\"inLanguage\":\"fr-FR\"},{\"@type\":\"WebPage\",\"@id\":\"https:\/\/fcgueugnon.fr\/amicalefcg\/saison-1995-1996-championnat-de-france-d1\/1201\",\"url\":\"https:\/\/fcgueugnon.fr\/amicalefcg\/saison-1995-1996-championnat-de-france-d1\/1201\",\"name\":\"Saison 1995-1996 : Championnat de France D1 | \u2022 GLORIEUX FCG \u2022\",\"isPartOf\":{\"@id\":\"http:\/\/fcgueugnon.fr\/amicalefcg\/#website\"},\"primaryImageOfPage\":{\"@id\":\"https:\/\/fcgueugnon.fr\/amicalefcg\/saison-1995-1996-championnat-de-france-d1\/1201#primaryimage\"},\"image\":{\"@id\":\"https:\/\/fcgueugnon.fr\/amicalefcg\/saison-1995-1996-championnat-de-france-d1\/1201#primaryimage\"},\"thumbnailUrl\":\"http:\/\/fcgueugnon.fr\/amicalefcg\/wp-content\/uploads\/1995-96-EFFECTIF-D1.jpg\",\"datePublished\":\"2011-01-22T16:03:24+00:00\",\"dateModified\":\"2021-02-09T22:27:00+00:00\",\"breadcrumb\":{\"@id\":\"https:\/\/fcgueugnon.fr\/amicalefcg\/saison-1995-1996-championnat-de-france-d1\/1201#breadcrumb\"},\"inLanguage\":\"fr-FR\",\"potentialAction\":[{\"@type\":\"ReadAction\",\"target\":[\"https:\/\/fcgueugnon.fr\/amicalefcg\/saison-1995-1996-championnat-de-france-d1\/1201\"]}]},{\"@type\":\"ImageObject\",\"inLanguage\":\"fr-FR\",\"@id\":\"https:\/\/fcgueugnon.fr\/amicalefcg\/saison-1995-1996-championnat-de-france-d1\/1201#primaryimage\",\"url\":\"https:\/\/fcgueugnon.fr\/amicalefcg\/wp-content\/uploads\/1995-96-EFFECTIF-D1.jpg\",\"contentUrl\":\"https:\/\/fcgueugnon.fr\/amicalefcg\/wp-content\/uploads\/1995-96-EFFECTIF-D1.jpg\",\"width\":\"611\",\"height\":\"393\"},{\"@type\":\"BreadcrumbList\",\"@id\":\"https:\/\/fcgueugnon.fr\/amicalefcg\/saison-1995-1996-championnat-de-france-d1\/1201#breadcrumb\",\"itemListElement\":[{\"@type\":\"ListItem\",\"position\":1,\"name\":\"Accueil\",\"item\":\"http:\/\/fcgueugnon.fr\/amicalefcg\/\"},{\"@type\":\"ListItem\",\"position\":2,\"name\":\"Saison 1995-1996 : Championnat de France D1\"}]},{\"@type\":\"WebSite\",\"@id\":\"http:\/\/fcgueugnon.fr\/amicalefcg\/#website\",\"url\":\"http:\/\/fcgueugnon.fr\/amicalefcg\/\",\"name\":\"\u2022 GLORIEUX FCG \u2022\",\"description\":\"Revivez l&#039;histoire du Football Club de Gueugnon\",\"publisher\":{\"@id\":\"http:\/\/fcgueugnon.fr\/amicalefcg\/#organization\"},\"potentialAction\":[{\"@type\":\"SearchAction\",\"target\":{\"@type\":\"EntryPoint\",\"urlTemplate\":\"http:\/\/fcgueugnon.fr\/amicalefcg\/?s={search_term_string}\"},\"query-input\":{\"@type\":\"PropertyValueSpecification\",\"valueRequired\":true,\"valueName\":\"search_term_string\"}}],\"inLanguage\":\"fr-FR\"},{\"@type\":\"Organization\",\"@id\":\"http:\/\/fcgueugnon.fr\/amicalefcg\/#organization\",\"name\":\"Amicale Anciens FC Gueugnon\",\"url\":\"http:\/\/fcgueugnon.fr\/amicalefcg\/\",\"logo\":{\"@type\":\"ImageObject\",\"inLanguage\":\"fr-FR\",\"@id\":\"http:\/\/fcgueugnon.fr\/amicalefcg\/#\/schema\/logo\/image\/\",\"url\":\"https:\/\/fcgueugnon.fr\/amicalefcg\/wp-content\/uploads\/amicale-anciens-fc-glorieux-gueugnon.png\",\"contentUrl\":\"https:\/\/fcgueugnon.fr\/amicalefcg\/wp-content\/uploads\/amicale-anciens-fc-glorieux-gueugnon.png\",\"width\":240,\"height\":240,\"caption\":\"Amicale Anciens FC Gueugnon\"},\"image\":{\"@id\":\"http:\/\/fcgueugnon.fr\/amicalefcg\/#\/schema\/logo\/image\/\"},\"sameAs\":[\"https:\/\/www.facebook.com\/GlorieuxFCG\/\"]},{\"@type\":\"Person\",\"@id\":\"http:\/\/fcgueugnon.fr\/amicalefcg\/#\/schema\/person\/5ab98b5917faea7e7c82466b19b46133\",\"name\":\"michoudry\",\"sameAs\":[\"http:\/\/amicalefcg.free.fr\"]}]}<\/script>\n<!-- \/ Yoast SEO plugin. -->","yoast_head_json":{"title":"Saison 1995-1996 : Championnat de France D1 | \u2022 GLORIEUX FCG \u2022","robots":{"index":"index","follow":"follow","max-snippet":"max-snippet:-1","max-image-preview":"max-image-preview:large","max-video-preview":"max-video-preview:-1"},"canonical":"https:\/\/fcgueugnon.fr\/amicalefcg\/saison-1995-1996-championnat-de-france-d1\/1201","og_locale":"fr_FR","og_type":"article","og_title":"Saison 1995-1996 : Championnat de France D1 | \u2022 GLORIEUX FCG \u2022","og_description":"18\u00e8me sur 20 \u00a0&#8211; \u00a08 victoires\u00a0&#8211; 14 nuls\u00a0&#8211; 16 d\u00e9faites. \u00a0&#8211; \u00a0Meilleur buteur\u00a0: Amara TRAOR\u00c9 : 7 buts Affluence moyenne\u00a0: 6746 spectateurs. Depuis 25 ans, la DII \u00e9tait le terrain de jeu du FC GUEUGNON qui en ma\u00eetrisait tous les rouages. Il va d\u00e9couvrir un nouveau continent avec la Division I, \u00e0 partir d\u2019une \u00e9quipe [&hellip;]","og_url":"https:\/\/fcgueugnon.fr\/amicalefcg\/saison-1995-1996-championnat-de-france-d1\/1201","og_site_name":"\u2022 GLORIEUX FCG \u2022","article_publisher":"https:\/\/www.facebook.com\/GlorieuxFCG\/","article_published_time":"2011-01-22T16:03:24+00:00","article_modified_time":"2021-02-09T22:27:00+00:00","og_image":[{"url":"http:\/\/fcgueugnon.fr\/amicalefcg\/wp-content\/uploads\/1995-96-EFFECTIF-D1.jpg","type":"","width":"","height":""}],"author":"michoudry","twitter_card":"summary_large_image","twitter_misc":{"\u00c9crit par":"michoudry","Dur\u00e9e de lecture estim\u00e9e":"4 minutes"},"schema":{"@context":"https:\/\/schema.org","@graph":[{"@type":"Article","@id":"https:\/\/fcgueugnon.fr\/amicalefcg\/saison-1995-1996-championnat-de-france-d1\/1201#article","isPartOf":{"@id":"https:\/\/fcgueugnon.fr\/amicalefcg\/saison-1995-1996-championnat-de-france-d1\/1201"},"author":{"name":"michoudry","@id":"http:\/\/fcgueugnon.fr\/amicalefcg\/#\/schema\/person\/5ab98b5917faea7e7c82466b19b46133"},"headline":"Saison 1995-1996 : Championnat de France D1","datePublished":"2011-01-22T16:03:24+00:00","dateModified":"2021-02-09T22:27:00+00:00","mainEntityOfPage":{"@id":"https:\/\/fcgueugnon.fr\/amicalefcg\/saison-1995-1996-championnat-de-france-d1\/1201"},"wordCount":548,"publisher":{"@id":"http:\/\/fcgueugnon.fr\/amicalefcg\/#organization"},"image":{"@id":"https:\/\/fcgueugnon.fr\/amicalefcg\/saison-1995-1996-championnat-de-france-d1\/1201#primaryimage"},"thumbnailUrl":"http:\/\/fcgueugnon.fr\/amicalefcg\/wp-content\/uploads\/1995-96-EFFECTIF-D1.jpg","articleSection":["Saison"],"inLanguage":"fr-FR"},{"@type":"WebPage","@id":"https:\/\/fcgueugnon.fr\/amicalefcg\/saison-1995-1996-championnat-de-france-d1\/1201","url":"https:\/\/fcgueugnon.fr\/amicalefcg\/saison-1995-1996-championnat-de-france-d1\/1201","name":"Saison 1995-1996 : Championnat de France D1 | \u2022 GLORIEUX FCG \u2022","isPartOf":{"@id":"http:\/\/fcgueugnon.fr\/amicalefcg\/#website"},"primaryImageOfPage":{"@id":"https:\/\/fcgueugnon.fr\/amicalefcg\/saison-1995-1996-championnat-de-france-d1\/1201#primaryimage"},"image":{"@id":"https:\/\/fcgueugnon.fr\/amicalefcg\/saison-1995-1996-championnat-de-france-d1\/1201#primaryimage"},"thumbnailUrl":"http:\/\/fcgueugnon.fr\/amicalefcg\/wp-content\/uploads\/1995-96-EFFECTIF-D1.jpg","datePublished":"2011-01-22T16:03:24+00:00","dateModified":"2021-02-09T22:27:00+00:00","breadcrumb":{"@id":"https:\/\/fcgueugnon.fr\/amicalefcg\/saison-1995-1996-championnat-de-france-d1\/1201#breadcrumb"},"inLanguage":"fr-FR","potentialAction":[{"@type":"ReadAction","target":["https:\/\/fcgueugnon.fr\/amicalefcg\/saison-1995-1996-championnat-de-france-d1\/1201"]}]},{"@type":"ImageObject","inLanguage":"fr-FR","@id":"https:\/\/fcgueugnon.fr\/amicalefcg\/saison-1995-1996-championnat-de-france-d1\/1201#primaryimage","url":"https:\/\/fcgueugnon.fr\/amicalefcg\/wp-content\/uploads\/1995-96-EFFECTIF-D1.jpg","contentUrl":"https:\/\/fcgueugnon.fr\/amicalefcg\/wp-content\/uploads\/1995-96-EFFECTIF-D1.jpg","width":"611","height":"393"},{"@type":"BreadcrumbList","@id":"https:\/\/fcgueugnon.fr\/amicalefcg\/saison-1995-1996-championnat-de-france-d1\/1201#breadcrumb","itemListElement":[{"@type":"ListItem","position":1,"name":"Accueil","item":"http:\/\/fcgueugnon.fr\/amicalefcg\/"},{"@type":"ListItem","position":2,"name":"Saison 1995-1996 : Championnat de France D1"}]},{"@type":"WebSite","@id":"http:\/\/fcgueugnon.fr\/amicalefcg\/#website","url":"http:\/\/fcgueugnon.fr\/amicalefcg\/","name":"\u2022 GLORIEUX FCG \u2022","description":"Revivez l&#039;histoire du Football Club de Gueugnon","publisher":{"@id":"http:\/\/fcgueugnon.fr\/amicalefcg\/#organization"},"potentialAction":[{"@type":"SearchAction","target":{"@type":"EntryPoint","urlTemplate":"http:\/\/fcgueugnon.fr\/amicalefcg\/?s={search_term_string}"},"query-input":{"@type":"PropertyValueSpecification","valueRequired":true,"valueName":"search_term_string"}}],"inLanguage":"fr-FR"},{"@type":"Organization","@id":"http:\/\/fcgueugnon.fr\/amicalefcg\/#organization","name":"Amicale Anciens FC Gueugnon","url":"http:\/\/fcgueugnon.fr\/amicalefcg\/","logo":{"@type":"ImageObject","inLanguage":"fr-FR","@id":"http:\/\/fcgueugnon.fr\/amicalefcg\/#\/schema\/logo\/image\/","url":"https:\/\/fcgueugnon.fr\/amicalefcg\/wp-content\/uploads\/amicale-anciens-fc-glorieux-gueugnon.png","contentUrl":"https:\/\/fcgueugnon.fr\/amicalefcg\/wp-content\/uploads\/amicale-anciens-fc-glorieux-gueugnon.png","width":240,"height":240,"caption":"Amicale Anciens FC Gueugnon"},"image":{"@id":"http:\/\/fcgueugnon.fr\/amicalefcg\/#\/schema\/logo\/image\/"},"sameAs":["https:\/\/www.facebook.com\/GlorieuxFCG\/"]},{"@type":"Person","@id":"http:\/\/fcgueugnon.fr\/amicalefcg\/#\/schema\/person\/5ab98b5917faea7e7c82466b19b46133","name":"michoudry","sameAs":["http:\/\/amicalefcg.free.fr"]}]}},"_links":{"self":[{"href":"https:\/\/fcgueugnon.fr\/amicalefcg\/wp-json\/wp\/v2\/posts\/1201","targetHints":{"allow":["GET"]}}],"collection":[{"href":"https:\/\/fcgueugnon.fr\/amicalefcg\/wp-json\/wp\/v2\/posts"}],"about":[{"href":"https:\/\/fcgueugnon.fr\/amicalefcg\/wp-json\/wp\/v2\/types\/post"}],"author":[{"embeddable":true,"href":"https:\/\/fcgueugnon.fr\/amicalefcg\/wp-json\/wp\/v2\/users\/2"}],"replies":[{"embeddable":true,"href":"https:\/\/fcgueugnon.fr\/amicalefcg\/wp-json\/wp\/v2\/comments?post=1201"}],"version-history":[{"count":35,"href":"https:\/\/fcgueugnon.fr\/amicalefcg\/wp-json\/wp\/v2\/posts\/1201\/revisions"}],"predecessor-version":[{"id":2901,"href":"https:\/\/fcgueugnon.fr\/amicalefcg\/wp-json\/wp\/v2\/posts\/1201\/revisions\/2901"}],"wp:attachment":[{"href":"https:\/\/fcgueugnon.fr\/amicalefcg\/wp-json\/wp\/v2\/media?parent=1201"}],"wp:term":[{"taxonomy":"category","embeddable":true,"href":"https:\/\/fcgueugnon.fr\/amicalefcg\/wp-json\/wp\/v2\/categories?post=1201"},{"taxonomy":"post_tag","embeddable":true,"href":"https:\/\/fcgueugnon.fr\/amicalefcg\/wp-json\/wp\/v2\/tags?post=1201"}],"curies":[{"name":"wp","href":"https:\/\/api.w.org\/{rel}","templated":true}]}}